{"id":712,"date":"2024-06-17T13:40:56","date_gmt":"2024-06-17T13:40:56","guid":{"rendered":"http:\/\/setn.es\/?p=712"},"modified":"2024-07-23T10:13:50","modified_gmt":"2024-07-23T10:13:50","slug":"deadline-8-julio-xi-reunion-de-la-setn-valencia-23-25-septiembre-2024","status":"publish","type":"post","link":"http:\/\/setn.es\/?p=712","title":{"rendered":"Deadline 30 julio: XI Reuni\u00f3n de la SETN, Valencia, 23-25 Septiembre 2024"},"content":{"rendered":"\n<p>Hola a todos:<\/p>\n\n\n\n<p>El comit\u00e9 organizador de la reuni\u00f3n de la SETN en Valencia ha decidido extender la fecha l\u00edmite de <strong>recepci\u00f3n de res\u00famenes hasta el 30 de julio<\/strong>.<\/p>\n\n\n\n<p>La cuota de<strong> inscripci\u00f3n para estudiantes<\/strong> pasa a ser de <strong>150\u20ac<\/strong> gracias a la dotaci\u00f3n de becas por el ILL.<\/p>\n\n\n\n<p>Como presidenta de la SETN, quiero resaltar la <strong>gran importancia de esta conferencia para nuestra comunidad.<\/strong><\/p>\n\n\n\n<p>Esta reuni\u00f3n es una presentaci\u00f3n de la ciencia que se hace con neutrones en Espa\u00f1a.<\/p>\n\n\n\n<p>Sirve para que las nuevas generaciones descubran nuevas t\u00e9cnicas o aplicaciones fuera de las habituales en sus grupos.<\/p>\n\n\n\n<p>Es fuente de colaboraciones y est\u00edmulo para la comunidad.<\/p>\n\n\n\n<p><strong>Es primordial para mostrar a las instancias oficiales pertinentes la necesidad de seguir apoyando a nuestra comunidad.<\/strong><\/p>\n\n\n\n<p>Esperamos a los <strong>j\u00f3venes<\/strong> para apoyar unas t\u00e9cnicas que podr\u00e1n ser determinantes para sus investigaciones futuras.<\/p>\n\n\n\n<p>Esperamos a los <strong>especialistas<\/strong> para ayudar a dar a conocer las mejoras t\u00e9cnicas y las nuevas aplicaciones.<\/p>\n\n\n\n<p>Esperamos a los <strong>decanos<\/strong>, que en muchos casos representan a nuestra comunidad en comit\u00e9s y foros internacionales para que esas nominaciones tengan sentido y el beneficio sea mutuo.<\/p>\n\n\n\n<p>Os esperamos a todos.<\/p>\n\n\n\n<p>Mar\u00eda Teresa Fern\u00e1ndez D\u00edaz<\/p>\n\n\n\n<p>Presidenta de la SETN<\/p>\n","protected":false},"excerpt":{"rendered":"<p>Hola a todos: El comit\u00e9 organizador de la reuni\u00f3n de la SETN en Valencia ha decidido extender la fecha l\u00edmite de recepci\u00f3n de res\u00famenes hasta el 30 de julio. La cuota de inscripci\u00f3n para estudiantes pasa a ser de 150\u20ac gracias a la dotaci\u00f3n de becas por el ILL. Como presidenta de la SETN, quiero [&hellip;]<\/p>\n","protected":false},"author":4,"featured_media":0,"comment_status":"closed","ping_status":"closed","sticky":false,"template":"","format":"standard","meta":{"footnotes":""},"categories":[1],"tags":[],"class_list":["post-712","post","type-post","status-publish","format-standard","hentry","category-noticias"],"_links":{"self":[{"href":"http:\/\/setn.es\/index.php?rest_route=\/wp\/v2\/posts\/712","targetHints":{"allow":["GET"]}}],"collection":[{"href":"http:\/\/setn.es\/index.php?rest_route=\/wp\/v2\/posts"}],"about":[{"href":"http:\/\/setn.es\/index.php?rest_route=\/wp\/v2\/types\/post"}],"author":[{"embeddable":true,"href":"http:\/\/setn.es\/index.php?rest_route=\/wp\/v2\/users\/4"}],"replies":[{"embeddable":true,"href":"http:\/\/setn.es\/index.php?rest_route=%2Fwp%2Fv2%2Fcomments&post=712"}],"version-history":[{"count":2,"href":"http:\/\/setn.es\/index.php?rest_route=\/wp\/v2\/posts\/712\/revisions"}],"predecessor-version":[{"id":750,"href":"http:\/\/setn.es\/index.php?rest_route=\/wp\/v2\/posts\/712\/revisions\/750"}],"wp:attachment":[{"href":"http:\/\/setn.es\/index.php?rest_route=%2Fwp%2Fv2%2Fmedia&parent=712"}],"wp:term":[{"taxonomy":"category","embeddable":true,"href":"http:\/\/setn.es\/index.php?rest_route=%2Fwp%2Fv2%2Fcategories&post=712"},{"taxonomy":"post_tag","embeddable":true,"href":"http:\/\/setn.es\/index.php?rest_route=%2Fwp%2Fv2%2Ftags&post=712"}],"curies":[{"name":"wp","href":"https:\/\/api.w.org\/{rel}","templated":true}]}}